{"id":34755,"date":"2025-12-18T07:10:42","date_gmt":"2025-12-18T06:10:42","guid":{"rendered":"https:\/\/webnemji.azurewebsites.net\/?p=34755"},"modified":"2025-12-19T07:30:43","modified_gmt":"2025-12-19T06:30:43","slug":"uzavreni-oddeleni-nuklearni-mediciny","status":"publish","type":"post","link":"https:\/\/webnemji.azurewebsites.net\/en\/uzavreni-oddeleni-nuklearni-mediciny\/","title":{"rendered":"Uzav\u0159en\u00ed odd\u011blen\u00ed nukle\u00e1rn\u00ed medic\u00edny"},"content":{"rendered":"<div id=\"cmsmasters_row_\" class=\"cmsmasters_row cmsmasters_color_scheme_default cmsmasters_row_top_default cmsmasters_row_bot_default cmsmasters_row_boxed\">\n<div class=\"cmsmasters_row_outer_parent\">\n<div class=\"cmsmasters_row_outer\">\n<div class=\"cmsmasters_row_inner\">\n<div class=\"cmsmasters_row_margin\">\n<div id=\"cmsmasters_column_\" class=\"cmsmasters_column one_first\">\n<div class=\"cmsmasters_column_inner\"><div class=\"cmsmasters_text\">\n<p style=\"text-align: left;\"><nav aria-label=\"breadcrumbs\">\n            <div class=\"breadcrumb-container theme1\">\n                <ol>\n                                    <\/ol>\n            <\/div>\n        <\/nav>    <script type=\"application\/ld+json\">\n        {\n            \"@context\": \"http:\/\/schema.org\",\n            \"@type\": \"BreadcrumbList\",\n            \"itemListElement\": [\n                            ]\n        }\n    <\/script>\n   \n    <script>\n            <\/script>\n<\/p>\n<\/div>\n<div id=\"cmsmasters_divider_1sk6yyldai\" class=\"cmsmasters_divider cmsmasters_divider_width_short cmsmasters_divider_pos_center\"><\/div>\n<div class=\"cmsmasters_text news-content-anot\">\n<p>V\u00e1\u017een\u00ed pacienti,<\/p>\n<p>odd\u011blen\u00ed nukle\u00e1rn\u00ed medic\u00edny bude od<strong> 23. 12. 2025 &#8211; 2. 1. 2026 uzav\u0159eno.<\/strong><\/p>\n<p><strong>D\u011bkujeme za pochopen\u00ed<br \/>\n<\/strong><\/p>\n<\/div>\n<div class=\"cmsmasters_text news-content\">\n<p>&nbsp;<\/p>\n<p><b>Nemocnice Jihlava\u00a0<\/b><b>|<\/b><b>\u00a0<\/b><span class=\"fontColorThemePrimary\" style=\"color: #bf311f;\"><b>Va\u0161e nemocnice<\/b><\/span><\/p>\n<\/div>\n<div class=\"cmsmasters_text\">\n<p>&nbsp;<\/p>\n<\/div>\n<div class=\"cmsmasters_text\">\n<p>&nbsp;<\/p>\n<\/div>\n<div id=\"cmsmasters_divider_s8rl0slo4r\" class=\"cmsmasters_divider cmsmasters_divider_width_long cmsmasters_divider_pos_center\"><\/div>\n<div id=\"cmsmasters_button_m9j7eykyp\" class=\"button_wrap\"><a href=\"\/aktuality\/\" class=\"cmsmasters_button all-news-btn\"><span>V\u0161echny aktuality\u00a0\u00a0\u271a<\/span><\/a><\/div>\n<div class=\"cmsmasters_sidebar sidebar_layout_11 post-custom-sidebar\"><aside id=\"block-12\" class=\"widget widget_block\"><div class='pt-cv-wrapper'> <h3 class='pt-cv-heading-container heading1' data-blockid='fysa6n9v'><span class='pt-cv-heading'> Posledn\u00ed aktuality <\/span><\/h3><div class=\"pt-cv-view pt-cv-blockgrid iscvblock iscvreal grid1 layout1\" id=\"pt-cv-view-fysa6n9v\"><div data-id=\"pt-cv-page-1\" class=\"pt-cv-page\" data-cvc=\"5\"><div class=\" pt-cv-content-item pt-cv-1-col\" ><div class=\"pt-cv-thumb-wrapper  \"><a href=\"https:\/\/webnemji.azurewebsites.net\/en\/cely-den-plny-inspirace-sdileni-zkusenosti-a-novych-poznatku\/\" class=\"_self pt-cv-href-thumbnail pt-cv-thumb-default\" target=\"_self\" ><img loading=\"lazy\" decoding=\"async\" width=\"580\" height=\"400\" src=\"\/wp-content\/uploads\/2026\/04\/cab14d43-68bd-4032-a667-c06927ca2631-580x400.jpg\" class=\"pt-cv-thumbnail\" alt=\"konference\" \/><\/a><\/div>\n<h5 class=\"pt-cv-title\"><a href=\"https:\/\/webnemji.azurewebsites.net\/en\/cely-den-plny-inspirace-sdileni-zkusenosti-a-novych-poznatku\/\" class=\"_self\" target=\"_self\" >Cel\u00fd den pln\u00fd inspirace, sd\u00edlen\u00ed zku\u0161enost\u00ed a nov\u00fdch poznatk\u016f.<\/a><\/h5>\n<div class=\"pt-cv-content\">Konference \u201eSou\u010dasn\u00e9 trendy v o\u0161et\u0159ovatelstv\u00ed v Nemocnici Jihlava V. \u2026aneb ...<\/div>\n<div class=\"pt-cv-rmwrap\"><a href=\"https:\/\/webnemji.azurewebsites.net\/en\/cely-den-plny-inspirace-sdileni-zkusenosti-a-novych-poznatku\/\" class=\"_self pt-cv-readmore btn btn-success\" target=\"_self\" >P\u0159e\u010d\u00edst\u00a0\u00a0\u271a<\/a><\/div><\/div>\n<div class=\" pt-cv-content-item pt-cv-1-col\" ><div class=\"pt-cv-thumb-wrapper  \"><a href=\"https:\/\/webnemji.azurewebsites.net\/en\/zdravotnici-jako-filmari-v-jihlave-vznikl-unikatni-film-ze-zakulisi-infekcniho-oddeleni\/\" class=\"_self pt-cv-href-thumbnail pt-cv-thumb-default\" target=\"_self\" ><img loading=\"lazy\" decoding=\"async\" width=\"580\" height=\"400\" src=\"\/wp-content\/uploads\/2026\/04\/Premiera-24-hodin-580x400.jpg\" class=\"pt-cv-thumbnail\" alt=\"premi\u00e9ra 24h\" \/><\/a><\/div>\n<h5 class=\"pt-cv-title\"><a href=\"https:\/\/webnemji.azurewebsites.net\/en\/zdravotnici-jako-filmari-v-jihlave-vznikl-unikatni-film-ze-zakulisi-infekcniho-oddeleni\/\" class=\"_self\" target=\"_self\" >Zdravotn\u00edci jako filma\u0159i: v Jihlav\u011b vznikl unik\u00e1tn\u00ed film ze z\u00e1kulis\u00ed infek\u010dn\u00edho odd\u011blen\u00ed<\/a><\/h5>\n<div class=\"pt-cv-content\">Infek\u010dn\u00ed odd\u011blen\u00ed Nemocnice Jihlava p\u0159i\u0161lo s netradi\u010dn\u00edm n\u00e1padem ...<\/div>\n<div class=\"pt-cv-rmwrap\"><a href=\"https:\/\/webnemji.azurewebsites.net\/en\/zdravotnici-jako-filmari-v-jihlave-vznikl-unikatni-film-ze-zakulisi-infekcniho-oddeleni\/\" class=\"_self pt-cv-readmore btn btn-success\" target=\"_self\" >P\u0159e\u010d\u00edst\u00a0\u00a0\u271a<\/a><\/div><\/div>\n<div class=\" pt-cv-content-item pt-cv-1-col\" ><div class=\"pt-cv-thumb-wrapper  \"><a href=\"https:\/\/webnemji.azurewebsites.net\/en\/pacienti-mluvi-do-chodu-nemocnice-pacientska-rada-v-nemocnici-jihlava-reportaz-tv-nova\/\" class=\"_self pt-cv-href-thumbnail pt-cv-thumb-default\" target=\"_self\" ><img loading=\"lazy\" decoding=\"async\" width=\"580\" height=\"400\" src=\"\/wp-content\/uploads\/2025\/12\/rada-580x400.jpg\" class=\"pt-cv-thumbnail\" alt=\"onkologick\u00e1 rada\" \/><\/a><\/div>\n<h5 class=\"pt-cv-title\"><a href=\"https:\/\/webnemji.azurewebsites.net\/en\/pacienti-mluvi-do-chodu-nemocnice-pacientska-rada-v-nemocnici-jihlava-reportaz-tv-nova\/\" class=\"_self\" target=\"_self\" >Pacienti mluv\u00ed do chodu nemocnice. Pacientsk\u00e1 rada v Nemocnici Jihlava &#8211; report\u00e1\u017e TV Nova<\/a><\/h5>\n<div class=\"pt-cv-content\">Nemocnice Jihlava pokra\u010duje v rozvoji novinky, kter\u00e1 posiluje hlas onkologick\u00fdch ...<\/div>\n<div class=\"pt-cv-rmwrap\"><a href=\"https:\/\/webnemji.azurewebsites.net\/en\/pacienti-mluvi-do-chodu-nemocnice-pacientska-rada-v-nemocnici-jihlava-reportaz-tv-nova\/\" class=\"_self pt-cv-readmore btn btn-success\" target=\"_self\" >P\u0159e\u010d\u00edst\u00a0\u00a0\u271a<\/a><\/div><\/div>\n<div class=\" pt-cv-content-item pt-cv-1-col\" ><div class=\"pt-cv-thumb-wrapper  \"><a href=\"https:\/\/webnemji.azurewebsites.net\/en\/i-s-infuzi-na-trikolku-mali-pacienti-v-jihlave-maji-novou-radost\/\" class=\"_self pt-cv-href-thumbnail pt-cv-thumb-default\" target=\"_self\" ><img loading=\"lazy\" decoding=\"async\" width=\"580\" height=\"400\" src=\"\/wp-content\/uploads\/2026\/04\/trikolka_tit-580x400.jpg\" class=\"pt-cv-thumbnail\" alt=\"tr\u00edkolka\" \/><\/a><\/div>\n<h5 class=\"pt-cv-title\"><a href=\"https:\/\/webnemji.azurewebsites.net\/en\/i-s-infuzi-na-trikolku-mali-pacienti-v-jihlave-maji-novou-radost\/\" class=\"_self\" target=\"_self\" >I s infuz\u00ed na t\u0159\u00edkolku: Mal\u00ed pacienti v Jihlav\u011b maj\u00ed novou radost<\/a><\/h5>\n<div class=\"pt-cv-content\">D\u011btsk\u00e9 odd\u011blen\u00ed nov\u011b zp\u0159\u00edjem\u0148uje pobyt mal\u00fdm pacient\u016fm origin\u00e1ln\u00edm pomocn\u00edkem ...<\/div>\n<div class=\"pt-cv-rmwrap\"><a href=\"https:\/\/webnemji.azurewebsites.net\/en\/i-s-infuzi-na-trikolku-mali-pacienti-v-jihlave-maji-novou-radost\/\" class=\"_self pt-cv-readmore btn btn-success\" target=\"_self\" >P\u0159e\u010d\u00edst\u00a0\u00a0\u271a<\/a><\/div><\/div>\n<div class=\" pt-cv-content-item pt-cv-1-col\" ><div class=\"pt-cv-thumb-wrapper  \"><a href=\"https:\/\/webnemji.azurewebsites.net\/en\/pacienti-mluvi-do-chodu-nemocnice-pacientska-rada-v-jihlave-se-sesla-uz-podruhe\/\" class=\"_self pt-cv-href-thumbnail pt-cv-thumb-default\" target=\"_self\" ><img loading=\"lazy\" decoding=\"async\" width=\"580\" height=\"400\" src=\"\/wp-content\/uploads\/2025\/12\/rada-580x400.jpg\" class=\"pt-cv-thumbnail\" alt=\"onkologick\u00e1 rada\" \/><\/a><\/div>\n<h5 class=\"pt-cv-title\"><a href=\"https:\/\/webnemji.azurewebsites.net\/en\/pacienti-mluvi-do-chodu-nemocnice-pacientska-rada-v-jihlave-se-sesla-uz-podruhe\/\" class=\"_self\" target=\"_self\" >Pacienti mluv\u00ed do chodu nemocnice. Pacientsk\u00e1 rada v Jihlav\u011b se se\u0161la u\u017e podruh\u00e9<\/a><\/h5>\n<div class=\"pt-cv-content\">Nemocnice Jihlava pokra\u010duje v rozvoji novinky, kter\u00e1 posiluje hlas onkologick\u00fdch ...<\/div>\n<div class=\"pt-cv-rmwrap\"><a href=\"https:\/\/webnemji.azurewebsites.net\/en\/pacienti-mluvi-do-chodu-nemocnice-pacientska-rada-v-jihlave-se-sesla-uz-podruhe\/\" class=\"_self pt-cv-readmore btn btn-success\" target=\"_self\" >P\u0159e\u010d\u00edst\u00a0\u00a0\u271a<\/a><\/div><\/div><\/div><\/div> <\/div> <style>\n\n#pt-cv-view-fysa6n9v .pt-cv-content-item { border-style: none;border-radius: 0px 0px 0px 0px; }#pt-cv-view-fysa6n9v .pt-cv-meta-fields {  }#pt-cv-view-fysa6n9v .pt-cv-meta-fields * { font-size: 13px; }.pt-cv-heading-container[data-blockid=\"fysa6n9v\"] {  }.pt-cv-heading-container[data-blockid=\"fysa6n9v\"] * { color: #003c56;font-weight: 600;font-size: 16px; }#pt-cv-view-fysa6n9v .pt-cv-thumb-wrapper {  }#pt-cv-view-fysa6n9v[class*=\"cveffect\"] .pt-cv-thumb-wrapper, #pt-cv-view-fysa6n9v:not([class*=\"cveffect\"]) .pt-cv-thumbnail { border-radius: 20px 20px 20px 20px; }#pt-cv-view-fysa6n9v .pt-cv-thumbnail {  }#pt-cv-view-fysa6n9v .pt-cv-title a { display: block;color: #003c56; }#pt-cv-view-fysa6n9v .pt-cv-title:not(.pt-cv-titlesm) a { font-weight: 600;text-decoration: none;font-size: 15px; }#pt-cv-view-fysa6n9v .pt-cv-titlesm a { font-weight: 600;font-size: 18px; }#pt-cv-view-fysa6n9v .pt-cv-content { font-size: 14px; }#pt-cv-view-fysa6n9v .pt-cv-rmwrap {  }#pt-cv-view-fysa6n9v .pt-cv-readmore { color: #4f5a61;background-color: #edf0f2;font-size: 14px;border-radius: 10px 10px 10px 10px; }#pt-cv-view-fysa6n9v .pt-cv-taxoterm {  }#pt-cv-view-fysa6n9v .pt-cv-taxoterm * { color: #222;background-color: #fff6f6;font-size: 14px; }#pt-cv-view-fysa6n9v + .pt-cv-pagination-wrapper {  }#pt-cv-view-fysa6n9v + .pt-cv-pagination-wrapper a { font-size: 14px; }#pt-cv-view-fysa6n9v > .pt-cv-page {grid-template-columns: repeat(5, 1fr);grid-gap: 20px;}#pt-cv-view-fysa6n9v .pt-cv-title a:hover { color: #bf311f; }#pt-cv-view-fysa6n9v .pt-cv-title:not(.pt-cv-titlesm) a:hover {  }#pt-cv-view-fysa6n9v .pt-cv-rmwrap:hover {  }#pt-cv-view-fysa6n9v .pt-cv-readmore:hover { color: #ffffff;background-color: #bf311f; }\n@media all and (max-width: 1024px) { \n#pt-cv-view-fysa6n9v > .pt-cv-page {grid-template-columns: repeat(3, 1fr);grid-gap: 15px;}\n} \n@media all and (max-width: 767px) { \n#pt-cv-view-fysa6n9v > .pt-cv-page {grid-template-columns: repeat(1, 1fr);grid-gap: 10px;}\n} <\/style><\/aside><div class=\"cl\"><\/div>\n<\/div>\n<\/div><\/div>\n<\/div>\n<\/div>\n<\/div>\n<\/div>\n<\/div>\n\n","protected":false},"excerpt":{"rendered":"<p>uzav\u0159en\u00ed odd\u011blen\u00ed od 23. 12. 2025 &#8211; 2. 1. 2026<\/p>","protected":false},"author":5,"featured_media":28781,"comment_status":"closed","ping_status":"closed","sticky":false,"template":"","format":"standard","meta":{"pgc_sgb_lightbox_settings":"","footnotes":"","_links_to":"","_links_to_target":""},"categories":[49,421],"tags":[],"class_list":["post-34755","post","type-post","status-publish","format-standard","has-post-thumbnail","hentry","category-aktuality","category-oznameni"],"publishpress_future_action":{"enabled":false,"date":"2026-05-05 17:11:40","action":"change-status","newStatus":"trash","terms":[],"taxonomy":"category","extraData":[]},"publishpress_future_workflow_manual_trigger":{"enabledWorkflows":[]},"_links":{"self":[{"href":"https:\/\/webnemji.azurewebsites.net\/en\/wp-json\/wp\/v2\/posts\/34755","targetHints":{"allow":["GET"]}}],"collection":[{"href":"https:\/\/webnemji.azurewebsites.net\/en\/wp-json\/wp\/v2\/posts"}],"about":[{"href":"https:\/\/webnemji.azurewebsites.net\/en\/wp-json\/wp\/v2\/types\/post"}],"author":[{"embeddable":true,"href":"https:\/\/webnemji.azurewebsites.net\/en\/wp-json\/wp\/v2\/users\/5"}],"replies":[{"embeddable":true,"href":"https:\/\/webnemji.azurewebsites.net\/en\/wp-json\/wp\/v2\/comments?post=34755"}],"version-history":[{"count":0,"href":"https:\/\/webnemji.azurewebsites.net\/en\/wp-json\/wp\/v2\/posts\/34755\/revisions"}],"wp:featuredmedia":[{"embeddable":true,"href":"https:\/\/webnemji.azurewebsites.net\/en\/wp-json\/wp\/v2\/media\/28781"}],"wp:attachment":[{"href":"https:\/\/webnemji.azurewebsites.net\/en\/wp-json\/wp\/v2\/media?parent=34755"}],"wp:term":[{"taxonomy":"category","embeddable":true,"href":"https:\/\/webnemji.azurewebsites.net\/en\/wp-json\/wp\/v2\/categories?post=34755"},{"taxonomy":"post_tag","embeddable":true,"href":"https:\/\/webnemji.azurewebsites.net\/en\/wp-json\/wp\/v2\/tags?post=34755"}],"curies":[{"name":"wp","href":"https:\/\/api.w.org\/{rel}","templated":true}]}}