{"id":36623,"date":"2026-09-01T12:12:12","date_gmt":"2026-09-01T10:12:12","guid":{"rendered":"https:\/\/webnemji.azurewebsites.net\/?p=36623"},"modified":"2026-09-01T12:13:02","modified_gmt":"2026-09-01T10:13:02","slug":"na-kole-detem-vysocinou-charitativni-cyklojizda","status":"publish","type":"post","link":"https:\/\/webnemji.azurewebsites.net\/en\/na-kole-detem-vysocinou-charitativni-cyklojizda\/","title":{"rendered":"Na kole d\u011btem Vyso\u010dinou &#8211; charitativn\u00ed cykloj\u00edzda"},"content":{"rendered":"<div id=\"cmsmasters_row_\" class=\"cmsmasters_row cmsmasters_color_scheme_default cmsmasters_row_top_default cmsmasters_row_bot_default cmsmasters_row_boxed\">\n<div class=\"cmsmasters_row_outer_parent\">\n<div class=\"cmsmasters_row_outer\">\n<div class=\"cmsmasters_row_inner\">\n<div class=\"cmsmasters_row_margin\">\n<div id=\"cmsmasters_column_\" class=\"cmsmasters_column one_first\">\n<div class=\"cmsmasters_column_inner\"><div class=\"cmsmasters_text\">\n<p style=\"text-align: left;\"><nav aria-label=\"breadcrumbs\">\n            <div class=\"breadcrumb-container theme1\">\n                <ol>\n                                    <\/ol>\n            <\/div>\n        <\/nav>    <script type=\"application\/ld+json\">\n        {\n            \"@context\": \"http:\/\/schema.org\",\n            \"@type\": \"BreadcrumbList\",\n            \"itemListElement\": [\n                            ]\n        }\n    <\/script>\n   \n    <script>\n            <\/script>\n<\/p>\n<\/div>\n<div id=\"cmsmasters_divider_1sk6yyldai\" class=\"cmsmasters_divider cmsmasters_divider_width_short cmsmasters_divider_pos_center\"><\/div>\n<div class=\"cmsmasters_text news-content-anot\">\n<p>V\u00e1\u017een\u00ed n\u00e1v\u0161t\u011bvn\u00edci,<br \/>\nNemocnice Jihlava V\u00e1s zve na charitativn\u00ed cykloj\u00edzdu &#8211; Na kole d\u011btem Vyso\u010dinou.<\/p>\n<\/div>\n<div class=\"cmsmasters_text news-content\">\n<div>\n<p>Zveme V\u00e1s na tradi\u010dn\u00ed cykloj\u00edzdu Na kole d\u011btem Vyso\u010dinou<\/p>\n<p>V sobotu\u00a0<strong>5. z\u00e1\u0159\u00ed 2026<\/strong>\u00a0se uskute\u010dn\u00ed tradi\u010dn\u00ed charitativn\u00ed cykloj\u00edzda. \u00da\u010dastn\u00edky \u010dek\u00e1\u00a0<strong>70 km Vyso\u010dinou<\/strong>, spole\u010dn\u00fd start v 10:00 v Tel\u010di a p\u0159edpokl\u00e1dan\u00fd n\u00e1vrat kolem 16:00 op\u011bt do Tel\u010de.<\/p>\n<p>C\u00edlem akce nen\u00ed jen sportovn\u00ed z\u00e1\u017eitek a p\u0159\u00edjemn\u011b str\u00e1ven\u00fd den, ale p\u0159edev\u0161\u00edm\u00a0<strong>pomoc d\u011btem<\/strong>. V\u00fdt\u011b\u017eek z cykloj\u00edzdy bude v\u011bnov\u00e1n\u00a0<strong>d\u011btsk\u00e9mu odd\u011blen\u00ed Nemocnice Jihlava<\/strong>\u00a0a\u00a0<strong>Nada\u010dn\u00edmu fondu Na kole d\u011btem<\/strong>\u00a0na podporu onkologicky nemocn\u00fdch d\u011bt\u00ed.<\/p>\n<p><img decoding=\"async\" class=\"emoji\" role=\"img\" draggable=\"false\" src=\"https:\/\/s.w.org\/images\/core\/emoji\/17.0.2\/svg\/1f4cd.svg\" alt=\"\ud83d\udccd\" \/>\u00a0<strong>N\u00e1m\u011bst\u00ed Zachari\u00e1\u0161e z Hradce, Tel\u010d<\/strong><br \/>\n<img decoding=\"async\" class=\"emoji\" role=\"img\" draggable=\"false\" src=\"https:\/\/s.w.org\/images\/core\/emoji\/17.0.2\/svg\/1f6b4.svg\" alt=\"\ud83d\udeb4\" \/>\u00a0<strong>70 km<\/strong><br \/>\n<img decoding=\"async\" class=\"emoji\" role=\"img\" draggable=\"false\" src=\"https:\/\/s.w.org\/images\/core\/emoji\/17.0.2\/svg\/1f559.svg\" alt=\"\ud83d\udd59\" \/>\u00a0<strong>Start v 10:00<\/strong><\/p>\n<p><strong>P\u0159idejte se k tradi\u010dn\u00ed j\u00edzd\u011b, kter\u00e1 m\u00e1 smysl. <img decoding=\"async\" class=\"emoji\" role=\"img\" draggable=\"false\" src=\"https:\/\/s.w.org\/images\/core\/emoji\/17.0.2\/svg\/2764.svg\" alt=\"\u2764\ufe0f\" \/><\/strong><\/p>\n<p><strong>Registrovat se m\u016f\u017eete zde:\u00a0<\/strong><a href=\"https:\/\/www.nakoledetem.cz\/na-kole-detem-vysocinou\/#tab-registrace\" target=\"_blank\" rel=\"noopener noreferrer\">Na kole d\u011btem Vyso\u010dinou 2026, 16. ro\u010dn\u00edk \u2013 Na kole d\u011btem<\/a><\/p>\n<\/div>\n<p>&nbsp;<\/p>\n<div>\n<p><a href=\"\/wp-content\/uploads\/2026\/09\/na-kole-detem-vysocinou-2026-2.jpg\"><img loading=\"lazy\" decoding=\"async\" class=\"aligncenter wp-image-36624\" src=\"\/wp-content\/uploads\/2026\/09\/na-kole-detem-vysocinou-2026-2.jpg\" alt=\"na kole d\u011btem\" width=\"400\" height=\"564\" srcset=\"\/wp-content\/uploads\/2026\/09\/na-kole-detem-vysocinou-2026-2.jpg 1418w, \/wp-content\/uploads\/2026\/09\/na-kole-detem-vysocinou-2026-2-213x300.jpg 213w, \/wp-content\/uploads\/2026\/09\/na-kole-detem-vysocinou-2026-2-726x1024.jpg 726w, \/wp-content\/uploads\/2026\/09\/na-kole-detem-vysocinou-2026-2-768x1083.jpg 768w, \/wp-content\/uploads\/2026\/09\/na-kole-detem-vysocinou-2026-2-1089x1536.jpg 1089w, \/wp-content\/uploads\/2026\/09\/na-kole-detem-vysocinou-2026-2-9x12.jpg 9w, \/wp-content\/uploads\/2026\/09\/na-kole-detem-vysocinou-2026-2-580x818.jpg 580w, \/wp-content\/uploads\/2026\/09\/na-kole-detem-vysocinou-2026-2-860x1213.jpg 860w, \/wp-content\/uploads\/2026\/09\/na-kole-detem-vysocinou-2026-2-1160x1636.jpg 1160w\" sizes=\"auto, (max-width: 400px) 100vw, 400px\" \/><\/a><\/p>\n<\/div>\n<p>&nbsp;<\/p>\n<p>&nbsp;<\/p>\n<p><b><span class=\"fontColorThemeDarkAlt\" style=\"color: #003c56;\">Nemocnice Jihlava<\/span>\u00a0<\/b><b>|<\/b><b>\u00a0<\/b><span class=\"fontColorThemePrimary\" style=\"color: #bf311f;\"><b>Va\u0161e nemocnice<\/b><\/span><\/p>\n<\/div>\n<div id=\"cmsmasters_divider_s8rl0slo4r\" class=\"cmsmasters_divider cmsmasters_divider_width_long cmsmasters_divider_pos_center\"><\/div>\n<div id=\"cmsmasters_button_m9j7eykyp\" class=\"button_wrap\"><a href=\"\/aktuality\/\" class=\"cmsmasters_button all-news-btn\"><span>V\u0161echny aktuality\u00a0\u00a0\u271a<\/span><\/a><\/div>\n<div class=\"cmsmasters_sidebar sidebar_layout_11 post-custom-sidebar\"><aside id=\"block-12\" class=\"widget widget_block\"><div class='pt-cv-wrapper'> <h3 class=\"pt-cv-heading-container heading1\" data-blockid=\"fysa6n9v\"><span class=\"pt-cv-heading\"> Posledn\u00ed aktuality <\/span><\/h3><div class=\"pt-cv-view pt-cv-blockgrid iscvblock iscvreal grid1 layout1\" id=\"pt-cv-view-fysa6n9v\"><div data-id=\"pt-cv-page-1\" class=\"pt-cv-page\" data-cvc=\"5\"><div class=\" pt-cv-content-item pt-cv-1-col\" ><div class=\"pt-cv-thumb-wrapper  \"><a href=\"https:\/\/webnemji.azurewebsites.net\/en\/kurz-prvni-pomoci-novorozenci\/\" class=\"_self pt-cv-href-thumbnail pt-cv-thumb-default\" target=\"_self\" ><img loading=\"lazy\" decoding=\"async\" width=\"580\" height=\"400\" src=\"\/wp-content\/uploads\/2026\/09\/RESUSCITACE_NOVOROZENCE_plakat_zari-26-580x400.png\" class=\"pt-cv-thumbnail\" alt=\"Laick\u00e1 resuscitace novorozence\" \/><\/a><\/div>\n<h5 class=\"pt-cv-title\"><a href=\"https:\/\/webnemji.azurewebsites.net\/en\/kurz-prvni-pomoci-novorozenci\/\" class=\"_self\" target=\"_self\" >Kurz prvn\u00ed pomoci novorozenci<\/a><\/h5>\n<div class=\"pt-cv-content\">Jihlavsk\u00e1 nemocnice p\u0159ipravuje kurz prvn\u00ed pomoci novorozenci ...<\/div>\n<div class=\"pt-cv-rmwrap\"><a href=\"https:\/\/webnemji.azurewebsites.net\/en\/kurz-prvni-pomoci-novorozenci\/\" class=\"_self pt-cv-readmore btn btn-success\" target=\"_self\" >P\u0159e\u010d\u00edst\u00a0\u00a0\u271a<\/a><\/div><\/div>\n<div class=\" pt-cv-content-item pt-cv-1-col\" ><div class=\"pt-cv-thumb-wrapper  \"><a href=\"https:\/\/webnemji.azurewebsites.net\/en\/na-kole-detem-vysocinou-charitativni-cyklojizda\/\" class=\"_self pt-cv-href-thumbnail pt-cv-thumb-default\" target=\"_self\" ><img loading=\"lazy\" decoding=\"async\" width=\"580\" height=\"400\" src=\"\/wp-content\/uploads\/2026\/09\/na-kole-detem-vysocinou-2026-2-580x400.jpg\" class=\"pt-cv-thumbnail\" alt=\"na kole d\u011btem\" \/><\/a><\/div>\n<h5 class=\"pt-cv-title\"><a href=\"https:\/\/webnemji.azurewebsites.net\/en\/na-kole-detem-vysocinou-charitativni-cyklojizda\/\" class=\"_self\" target=\"_self\" >Na kole d\u011btem Vyso\u010dinou &#8211; charitativn\u00ed cykloj\u00edzda<\/a><\/h5>\n<div class=\"pt-cv-content\">Nemocnice Jihlava V\u00e1s zve na charitativn\u00ed cykloj\u00edzdu ...<\/div>\n<div class=\"pt-cv-rmwrap\"><a href=\"https:\/\/webnemji.azurewebsites.net\/en\/na-kole-detem-vysocinou-charitativni-cyklojizda\/\" class=\"_self pt-cv-readmore btn btn-success\" target=\"_self\" >P\u0159e\u010d\u00edst\u00a0\u00a0\u271a<\/a><\/div><\/div>\n<div class=\" pt-cv-content-item pt-cv-1-col\" ><div class=\"pt-cv-thumb-wrapper  \"><a href=\"https:\/\/webnemji.azurewebsites.net\/en\/nemocnice-jihlava-spousti-jedinou-3t-magnetickou-rezonanci-na-vysocine\/\" class=\"_self pt-cv-href-thumbnail pt-cv-thumb-default\" target=\"_self\" ><img loading=\"lazy\" decoding=\"async\" width=\"580\" height=\"400\" src=\"\/wp-content\/uploads\/2026\/08\/magnet_rezo-580x400.png\" class=\"pt-cv-thumbnail\" alt=\"magnetick\u00e1 rozonance 3T\" \/><\/a><\/div>\n<h5 class=\"pt-cv-title\"><a href=\"https:\/\/webnemji.azurewebsites.net\/en\/nemocnice-jihlava-spousti-jedinou-3t-magnetickou-rezonanci-na-vysocine\/\" class=\"_self\" target=\"_self\" >Nemocnice Jihlava spou\u0161t\u00ed jedinou 3T magnetickou rezonanci na Vyso\u010din\u011b<\/a><\/h5>\n<div class=\"pt-cv-content\">Nemocnice Jihlava roz\u0161i\u0159uje sv\u00e9 mo\u017enosti v oblasti modern\u00ed diagnostiky ...<\/div>\n<div class=\"pt-cv-rmwrap\"><a href=\"https:\/\/webnemji.azurewebsites.net\/en\/nemocnice-jihlava-spousti-jedinou-3t-magnetickou-rezonanci-na-vysocine\/\" class=\"_self pt-cv-readmore btn btn-success\" target=\"_self\" >P\u0159e\u010d\u00edst\u00a0\u00a0\u271a<\/a><\/div><\/div>\n<div class=\" pt-cv-content-item pt-cv-1-col\" ><div class=\"pt-cv-thumb-wrapper  \"><a href=\"https:\/\/webnemji.azurewebsites.net\/en\/hledame-noveho-kolegu-vseobecnou-a-praktickou-sestru-na-urologicke-oddeleni\/\" class=\"_self pt-cv-href-thumbnail pt-cv-thumb-default\" target=\"_self\" ><img loading=\"lazy\" decoding=\"async\" width=\"580\" height=\"400\" src=\"\/wp-content\/uploads\/2026\/06\/sestra-580x400.jpg\" class=\"pt-cv-thumbnail\" alt=\"sestra v akci\" \/><\/a><\/div>\n<h5 class=\"pt-cv-title\"><a href=\"https:\/\/webnemji.azurewebsites.net\/en\/hledame-noveho-kolegu-vseobecnou-a-praktickou-sestru-na-urologicke-oddeleni\/\" class=\"_self\" target=\"_self\" >Hled\u00e1me nov\u00e9ho kolegu &#8211; v\u0161eobecnou a praktickou sestru na urologick\u00e9 odd\u011blen\u00ed<\/a><\/h5>\n<div class=\"pt-cv-content\">Nemocnice Jihlava hled\u00e1 v\u0161eobecnou a praktickou sestru na urologick\u00e9 odd\u011blen\u00ed ...<\/div>\n<div class=\"pt-cv-rmwrap\"><a href=\"https:\/\/webnemji.azurewebsites.net\/en\/hledame-noveho-kolegu-vseobecnou-a-praktickou-sestru-na-urologicke-oddeleni\/\" class=\"_self pt-cv-readmore btn btn-success\" target=\"_self\" >P\u0159e\u010d\u00edst\u00a0\u00a0\u271a<\/a><\/div><\/div>\n<div class=\" pt-cv-content-item pt-cv-1-col\" ><div class=\"pt-cv-thumb-wrapper  \"><a href=\"https:\/\/webnemji.azurewebsites.net\/en\/podcast-nemocnice-jihlava-39-kdyz-miminko-potrebuje-pomoci-se-sanim-novy-podcast-s-fyzioterapeutkou-danou-dvorakovou\/\" class=\"_self pt-cv-href-thumbnail pt-cv-thumb-default\" target=\"_self\" ><img loading=\"lazy\" decoding=\"async\" width=\"580\" height=\"400\" src=\"\/wp-content\/uploads\/2023\/10\/podcast-580x400.jpg\" class=\"pt-cv-thumbnail\" alt=\"ikona - podcast\" \/><\/a><\/div>\n<h5 class=\"pt-cv-title\"><a href=\"https:\/\/webnemji.azurewebsites.net\/en\/podcast-nemocnice-jihlava-39-kdyz-miminko-potrebuje-pomoci-se-sanim-novy-podcast-s-fyzioterapeutkou-danou-dvorakovou\/\" class=\"_self\" target=\"_self\" >Podcast Nemocnice Jihlava #39 &#8211; Kdy\u017e miminko pot\u0159ebuje pomoci se s\u00e1n\u00edm: nov\u00fd podcast s fyzioterapeutkou Danou Dvo\u0159\u00e1kovou<\/a><\/h5>\n<div class=\"pt-cv-content\">Kdy\u017e miminko pot\u0159ebuje pomoci se s\u00e1n\u00edm: nov\u00fd podcast s fyzioterapeutkou ...<\/div>\n<div class=\"pt-cv-rmwrap\"><a href=\"https:\/\/webnemji.azurewebsites.net\/en\/podcast-nemocnice-jihlava-39-kdyz-miminko-potrebuje-pomoci-se-sanim-novy-podcast-s-fyzioterapeutkou-danou-dvorakovou\/\" class=\"_self pt-cv-readmore btn btn-success\" target=\"_self\" >P\u0159e\u010d\u00edst\u00a0\u00a0\u271a<\/a><\/div><\/div><\/div><\/div> <\/div> <style>\n\n#pt-cv-view-fysa6n9v .pt-cv-content-item { border-style: none;border-radius: 0px 0px 0px 0px; }#pt-cv-view-fysa6n9v .pt-cv-meta-fields {  }#pt-cv-view-fysa6n9v .pt-cv-meta-fields * { font-size: 13px; }.pt-cv-heading-container[data-blockid=\"fysa6n9v\"] {  }.pt-cv-heading-container[data-blockid=\"fysa6n9v\"] * { color: #003c56;font-weight: 600;font-size: 16px; }#pt-cv-view-fysa6n9v .pt-cv-thumb-wrapper {  }#pt-cv-view-fysa6n9v[class*=\"cveffect\"] .pt-cv-thumb-wrapper, #pt-cv-view-fysa6n9v:not([class*=\"cveffect\"]) .pt-cv-thumbnail { border-radius: 20px 20px 20px 20px; }#pt-cv-view-fysa6n9v .pt-cv-thumbnail {  }#pt-cv-view-fysa6n9v .pt-cv-title a { display: block;color: #003c56; }#pt-cv-view-fysa6n9v .pt-cv-title:not(.pt-cv-titlesm) a { font-weight: 600;text-decoration: none;font-size: 15px; }#pt-cv-view-fysa6n9v .pt-cv-titlesm a { font-weight: 600;font-size: 18px; }#pt-cv-view-fysa6n9v .pt-cv-content { font-size: 14px; }#pt-cv-view-fysa6n9v .pt-cv-rmwrap {  }#pt-cv-view-fysa6n9v .pt-cv-readmore { color: #4f5a61;background-color: #edf0f2;font-size: 14px;border-radius: 10px 10px 10px 10px; }#pt-cv-view-fysa6n9v .pt-cv-taxoterm {  }#pt-cv-view-fysa6n9v .pt-cv-taxoterm * { color: #222;background-color: #fff6f6;font-size: 14px; }#pt-cv-view-fysa6n9v + .pt-cv-pagination-wrapper {  }#pt-cv-view-fysa6n9v + .pt-cv-pagination-wrapper a { font-size: 14px; }#pt-cv-view-fysa6n9v > .pt-cv-page {grid-template-columns: repeat(5, 1fr);grid-gap: 20px;}#pt-cv-view-fysa6n9v .pt-cv-title a:hover { color: #bf311f; }#pt-cv-view-fysa6n9v .pt-cv-title:not(.pt-cv-titlesm) a:hover {  }#pt-cv-view-fysa6n9v .pt-cv-rmwrap:hover {  }#pt-cv-view-fysa6n9v .pt-cv-readmore:hover { color: #ffffff;background-color: #bf311f; }\n@media all and (max-width: 1024px) { \n#pt-cv-view-fysa6n9v > .pt-cv-page {grid-template-columns: repeat(3, 1fr);grid-gap: 15px;}\n} \n@media all and (max-width: 767px) { \n#pt-cv-view-fysa6n9v > .pt-cv-page {grid-template-columns: repeat(1, 1fr);grid-gap: 10px;}\n} <\/style><\/aside><div class=\"cl\"><\/div>\n<\/div>\n<\/div><\/div>\n<\/div>\n<\/div>\n<\/div>\n<\/div>\n<\/div>\n\n","protected":false},"excerpt":{"rendered":"<p>Nemocnice Jihlava V\u00e1s zve na charitativn\u00ed cykloj\u00edzdu<\/p>","protected":false},"author":5,"featured_media":36624,"comment_status":"closed","ping_status":"closed","sticky":false,"template":"","format":"standard","meta":{"pgc_sgb_lightbox_settings":"","footnotes":"","_members_access_role":[],"_members_access_error":"","_links_to":"","_links_to_target":""},"categories":[49],"tags":[],"class_list":["post-36623","post","type-post","status-publish","format-standard","has-post-thumbnail","hentry","category-aktuality"],"publishpress_future_action":{"enabled":false,"date":"2026-09-08 19:07:57","action":"change-status","newStatus":"trash","terms":[],"taxonomy":"category","extraData":[]},"publishpress_future_workflow_manual_trigger":{"enabledWorkflows":[]},"_links":{"self":[{"href":"https:\/\/webnemji.azurewebsites.net\/en\/wp-json\/wp\/v2\/posts\/36623","targetHints":{"allow":["GET"]}}],"collection":[{"href":"https:\/\/webnemji.azurewebsites.net\/en\/wp-json\/wp\/v2\/posts"}],"about":[{"href":"https:\/\/webnemji.azurewebsites.net\/en\/wp-json\/wp\/v2\/types\/post"}],"author":[{"embeddable":true,"href":"https:\/\/webnemji.azurewebsites.net\/en\/wp-json\/wp\/v2\/users\/5"}],"replies":[{"embeddable":true,"href":"https:\/\/webnemji.azurewebsites.net\/en\/wp-json\/wp\/v2\/comments?post=36623"}],"version-history":[{"count":1,"href":"https:\/\/webnemji.azurewebsites.net\/en\/wp-json\/wp\/v2\/posts\/36623\/revisions"}],"predecessor-version":[{"id":36625,"href":"https:\/\/webnemji.azurewebsites.net\/en\/wp-json\/wp\/v2\/posts\/36623\/revisions\/36625"}],"wp:featuredmedia":[{"embeddable":true,"href":"https:\/\/webnemji.azurewebsites.net\/en\/wp-json\/wp\/v2\/media\/36624"}],"wp:attachment":[{"href":"https:\/\/webnemji.azurewebsites.net\/en\/wp-json\/wp\/v2\/media?parent=36623"}],"wp:term":[{"taxonomy":"category","embeddable":true,"href":"https:\/\/webnemji.azurewebsites.net\/en\/wp-json\/wp\/v2\/categories?post=36623"},{"taxonomy":"post_tag","embeddable":true,"href":"https:\/\/webnemji.azurewebsites.net\/en\/wp-json\/wp\/v2\/tags?post=36623"}],"curies":[{"name":"wp","href":"https:\/\/api.w.org\/{rel}","templated":true}]}}