{"id":36653,"date":"2026-09-02T12:19:50","date_gmt":"2026-09-02T10:19:50","guid":{"rendered":"https:\/\/webnemji.azurewebsites.net\/?p=36653"},"modified":"2026-09-02T13:40:43","modified_gmt":"2026-09-02T11:40:43","slug":"hledame-noveho-kolegu-zdravotne-socialniho-pracovnika-ci","status":"publish","type":"post","link":"https:\/\/webnemji.azurewebsites.net\/en\/hledame-noveho-kolegu-zdravotne-socialniho-pracovnika-ci\/","title":{"rendered":"Hled\u00e1me nov\u00e9ho kolegu &#8211; zdravotn\u011b-soci\u00e1ln\u00edho pracovn\u00edka\/ci"},"content":{"rendered":"<div id=\"cmsmasters_row_\" class=\"cmsmasters_row cmsmasters_color_scheme_default cmsmasters_row_top_default cmsmasters_row_bot_default cmsmasters_row_boxed\">\n<div class=\"cmsmasters_row_outer_parent\">\n<div class=\"cmsmasters_row_outer\">\n<div class=\"cmsmasters_row_inner\">\n<div class=\"cmsmasters_row_margin\">\n<div id=\"cmsmasters_column_\" class=\"cmsmasters_column one_first\">\n<div class=\"cmsmasters_column_inner\"><div class=\"cmsmasters_text\">\n<p style=\"text-align: left;\"><nav aria-label=\"breadcrumbs\">\n            <div class=\"breadcrumb-container theme1\">\n                <ol>\n                                    <\/ol>\n            <\/div>\n        <\/nav>    <script type=\"application\/ld+json\">\n        {\n            \"@context\": \"http:\/\/schema.org\",\n            \"@type\": \"BreadcrumbList\",\n            \"itemListElement\": [\n                            ]\n        }\n    <\/script>\n   \n    <script>\n            <\/script>\n<\/p>\n<\/div>\n<div id=\"cmsmasters_divider_1sk6yyldai\" class=\"cmsmasters_divider cmsmasters_divider_width_short cmsmasters_divider_pos_center\"><\/div>\n<div class=\"cmsmasters_text news-content-anot\">\n<p>Nemocnice Jihlava hled\u00e1 zdravotn\u011b-soci\u00e1ln\u00edho pracovn\u00edka\/pracovnici:<\/p>\n<\/div>\n<div class=\"cmsmasters_text news-content\">\n<p>V\u0161echny n\u00e1borov\u00e9 let\u00e1ky naleznete na na\u0161em webu v \u010d\u00e1sti <a href=\"https:\/\/www.nemji.cz\/kariera\/volne-pracovni-pozice\/\" target=\"_blank\" rel=\"noopener\">kari\u00e9ra<\/a>,\u00a0kde jsou jednotliv\u00e9 sekce pracovn\u00edch pozic.<br \/>\nZm\u00edn\u011bn\u00fd inzer\u00e1t naleznete &#8211; <a href=\"https:\/\/www.nemji.cz\/kariera\/volne-pracovni-pozice\/#hfaq-post-36651\">ZDE<\/a>.<\/p>\n<p>&nbsp;<\/p>\n<p><a href=\"\/wp-content\/uploads\/2026\/09\/ZDRAVOTNE_SOCIALNI_PRACOVNICE_letak-scaled.jpg\"><img loading=\"lazy\" decoding=\"async\" class=\"aligncenter wp-image-36636\" src=\"\/wp-content\/uploads\/2026\/09\/ZDRAVOTNE_SOCIALNI_PRACOVNICE_letak-scaled.jpg\" alt=\"Zdravotn\u011b-soci\u00e1ln\u00ed pracovn\u00edk\" width=\"400\" height=\"567\" srcset=\"\/wp-content\/uploads\/2026\/09\/ZDRAVOTNE_SOCIALNI_PRACOVNICE_letak-scaled.jpg 1806w, \/wp-content\/uploads\/2026\/09\/ZDRAVOTNE_SOCIALNI_PRACOVNICE_letak-212x300.jpg 212w, \/wp-content\/uploads\/2026\/09\/ZDRAVOTNE_SOCIALNI_PRACOVNICE_letak-723x1024.jpg 723w, \/wp-content\/uploads\/2026\/09\/ZDRAVOTNE_SOCIALNI_PRACOVNICE_letak-768x1088.jpg 768w, \/wp-content\/uploads\/2026\/09\/ZDRAVOTNE_SOCIALNI_PRACOVNICE_letak-1084x1536.jpg 1084w, \/wp-content\/uploads\/2026\/09\/ZDRAVOTNE_SOCIALNI_PRACOVNICE_letak-1445x2048.jpg 1445w, \/wp-content\/uploads\/2026\/09\/ZDRAVOTNE_SOCIALNI_PRACOVNICE_letak-8x12.jpg 8w, \/wp-content\/uploads\/2026\/09\/ZDRAVOTNE_SOCIALNI_PRACOVNICE_letak-580x822.jpg 580w, \/wp-content\/uploads\/2026\/09\/ZDRAVOTNE_SOCIALNI_PRACOVNICE_letak-860x1219.jpg 860w, \/wp-content\/uploads\/2026\/09\/ZDRAVOTNE_SOCIALNI_PRACOVNICE_letak-1160x1644.jpg 1160w\" sizes=\"auto, (max-width: 400px) 100vw, 400px\" \/><\/a><\/p>\n<p>&nbsp;<\/p>\n<p>&nbsp;<\/p>\n<p>&nbsp;<\/p>\n<p><strong>BLI\u017d\u0160\u00cd INFORMACE<\/strong> poskytne <strong>Mgr. Hana Hlad\u00edkov\u00e1<\/strong>, n\u00e1m\u011bstek nel\u00e9ka\u0159sk\u00fdch profes\u00ed, e-mail: <strong><a href=\"mailto:hladikovah@nemji.cz\">hladikovah@nemji.cz<\/a>\u00a0<\/strong>,<\/p>\n<p><strong>\u017d\u00c1DOSTI ZAS\u00cdLEJTE<\/strong> vedouc\u00ed odd\u011blen\u00ed person\u00e1ln\u00edho a mzdov\u00e9ho odd\u011blen\u00ed<strong> Ludmilu Pyskovou<\/strong>, e-mail:\u00a0<strong><a href=\"mailto:pyskoval@nemji.cz\">pyskoval@nemji.cz<\/a>\u00a0<\/strong><\/p>\n<p>&nbsp;<\/p>\n<p>&nbsp;<\/p>\n<p><b><span class=\"fontColorThemeDarkAlt\" style=\"color: #003c56;\">Nemocnice Jihlava<\/span>\u00a0<\/b><b>|<\/b><b>\u00a0<\/b><span class=\"fontColorThemePrimary\" style=\"color: #bf311f;\"><b>Va\u0161e nemocnice<\/b><\/span><\/p>\n<\/div>\n<div id=\"cmsmasters_divider_s8rl0slo4r\" class=\"cmsmasters_divider cmsmasters_divider_width_long cmsmasters_divider_pos_center\"><\/div>\n<div id=\"cmsmasters_button_m9j7eykyp\" class=\"button_wrap\"><a href=\"\/aktuality\/\" class=\"cmsmasters_button all-news-btn\"><span>V\u0161echny aktuality\u00a0\u00a0\u271a<\/span><\/a><\/div>\n<div class=\"cmsmasters_sidebar sidebar_layout_11 post-custom-sidebar\"><aside id=\"block-12\" class=\"widget widget_block\"><div class='pt-cv-wrapper'> <h3 class=\"pt-cv-heading-container heading1\" data-blockid=\"fysa6n9v\"><span class=\"pt-cv-heading\"> Posledn\u00ed aktuality <\/span><\/h3><div class=\"pt-cv-view pt-cv-blockgrid iscvblock iscvreal grid1 layout1\" id=\"pt-cv-view-fysa6n9v\"><div data-id=\"pt-cv-page-1\" class=\"pt-cv-page\" data-cvc=\"5\"><div class=\" pt-cv-content-item pt-cv-1-col\" ><div class=\"pt-cv-thumb-wrapper  \"><a href=\"https:\/\/webnemji.azurewebsites.net\/en\/hledame-noveho-kolegu-zdravotne-socialniho-pracovnika-ci\/\" class=\"_self pt-cv-href-thumbnail pt-cv-thumb-default\" target=\"_self\" ><img loading=\"lazy\" decoding=\"async\" width=\"306\" height=\"353\" src=\"\/wp-content\/uploads\/2026\/09\/ZSP.png\" class=\"pt-cv-thumbnail\" alt=\"ZSP\" \/><\/a><\/div>\n<h5 class=\"pt-cv-title\"><a href=\"https:\/\/webnemji.azurewebsites.net\/en\/hledame-noveho-kolegu-zdravotne-socialniho-pracovnika-ci\/\" class=\"_self\" target=\"_self\" >Hled\u00e1me nov\u00e9ho kolegu &#8211; zdravotn\u011b-soci\u00e1ln\u00edho pracovn\u00edka\/ci<\/a><\/h5>\n<div class=\"pt-cv-content\">Nemocnice Jihlava zdravotn\u011b-soci\u00e1ln\u00edho pracovn\u00edka\/ci ...<\/div>\n<div class=\"pt-cv-rmwrap\"><a href=\"https:\/\/webnemji.azurewebsites.net\/en\/hledame-noveho-kolegu-zdravotne-socialniho-pracovnika-ci\/\" class=\"_self pt-cv-readmore btn btn-success\" target=\"_self\" >P\u0159e\u010d\u00edst\u00a0\u00a0\u271a<\/a><\/div><\/div>\n<div class=\" pt-cv-content-item pt-cv-1-col\" ><div class=\"pt-cv-thumb-wrapper  \"><a href=\"https:\/\/webnemji.azurewebsites.net\/en\/kurz-prvni-pomoci-novorozenci\/\" class=\"_self pt-cv-href-thumbnail pt-cv-thumb-default\" target=\"_self\" ><img loading=\"lazy\" decoding=\"async\" width=\"580\" height=\"400\" src=\"\/wp-content\/uploads\/2026\/09\/RESUSCITACE_NOVOROZENCE_plakat_zari-26-580x400.png\" class=\"pt-cv-thumbnail\" alt=\"Laick\u00e1 resuscitace novorozence\" \/><\/a><\/div>\n<h5 class=\"pt-cv-title\"><a href=\"https:\/\/webnemji.azurewebsites.net\/en\/kurz-prvni-pomoci-novorozenci\/\" class=\"_self\" target=\"_self\" >Kurz prvn\u00ed pomoci novorozenci<\/a><\/h5>\n<div class=\"pt-cv-content\">Jihlavsk\u00e1 nemocnice p\u0159ipravuje kurz prvn\u00ed pomoci novorozenci ...<\/div>\n<div class=\"pt-cv-rmwrap\"><a href=\"https:\/\/webnemji.azurewebsites.net\/en\/kurz-prvni-pomoci-novorozenci\/\" class=\"_self pt-cv-readmore btn btn-success\" target=\"_self\" >P\u0159e\u010d\u00edst\u00a0\u00a0\u271a<\/a><\/div><\/div>\n<div class=\" pt-cv-content-item pt-cv-1-col\" ><div class=\"pt-cv-thumb-wrapper  \"><a href=\"https:\/\/webnemji.azurewebsites.net\/en\/na-kole-detem-vysocinou-charitativni-cyklojizda\/\" class=\"_self pt-cv-href-thumbnail pt-cv-thumb-default\" target=\"_self\" ><img loading=\"lazy\" decoding=\"async\" width=\"580\" height=\"400\" src=\"\/wp-content\/uploads\/2026\/09\/na-kole-detem-vysocinou-2026-2-580x400.jpg\" class=\"pt-cv-thumbnail\" alt=\"na kole d\u011btem\" \/><\/a><\/div>\n<h5 class=\"pt-cv-title\"><a href=\"https:\/\/webnemji.azurewebsites.net\/en\/na-kole-detem-vysocinou-charitativni-cyklojizda\/\" class=\"_self\" target=\"_self\" >Na kole d\u011btem Vyso\u010dinou &#8211; charitativn\u00ed cykloj\u00edzda<\/a><\/h5>\n<div class=\"pt-cv-content\">Nemocnice Jihlava V\u00e1s zve na charitativn\u00ed cykloj\u00edzdu ...<\/div>\n<div class=\"pt-cv-rmwrap\"><a href=\"https:\/\/webnemji.azurewebsites.net\/en\/na-kole-detem-vysocinou-charitativni-cyklojizda\/\" class=\"_self pt-cv-readmore btn btn-success\" target=\"_self\" >P\u0159e\u010d\u00edst\u00a0\u00a0\u271a<\/a><\/div><\/div>\n<div class=\" pt-cv-content-item pt-cv-1-col\" ><div class=\"pt-cv-thumb-wrapper  \"><a href=\"https:\/\/webnemji.azurewebsites.net\/en\/nemocnice-jihlava-spousti-jedinou-3t-magnetickou-rezonanci-na-vysocine\/\" class=\"_self pt-cv-href-thumbnail pt-cv-thumb-default\" target=\"_self\" ><img loading=\"lazy\" decoding=\"async\" width=\"580\" height=\"400\" src=\"\/wp-content\/uploads\/2026\/08\/magnet_rezo-580x400.png\" class=\"pt-cv-thumbnail\" alt=\"magnetick\u00e1 rozonance 3T\" \/><\/a><\/div>\n<h5 class=\"pt-cv-title\"><a href=\"https:\/\/webnemji.azurewebsites.net\/en\/nemocnice-jihlava-spousti-jedinou-3t-magnetickou-rezonanci-na-vysocine\/\" class=\"_self\" target=\"_self\" >Nemocnice Jihlava spou\u0161t\u00ed jedinou 3T magnetickou rezonanci na Vyso\u010din\u011b<\/a><\/h5>\n<div class=\"pt-cv-content\">Nemocnice Jihlava roz\u0161i\u0159uje sv\u00e9 mo\u017enosti v oblasti modern\u00ed diagnostiky ...<\/div>\n<div class=\"pt-cv-rmwrap\"><a href=\"https:\/\/webnemji.azurewebsites.net\/en\/nemocnice-jihlava-spousti-jedinou-3t-magnetickou-rezonanci-na-vysocine\/\" class=\"_self pt-cv-readmore btn btn-success\" target=\"_self\" >P\u0159e\u010d\u00edst\u00a0\u00a0\u271a<\/a><\/div><\/div>\n<div class=\" pt-cv-content-item pt-cv-1-col\" ><div class=\"pt-cv-thumb-wrapper  \"><a href=\"https:\/\/webnemji.azurewebsites.net\/en\/hledame-noveho-kolegu-vseobecnou-a-praktickou-sestru-na-urologicke-oddeleni\/\" class=\"_self pt-cv-href-thumbnail pt-cv-thumb-default\" target=\"_self\" ><img loading=\"lazy\" decoding=\"async\" width=\"580\" height=\"400\" src=\"\/wp-content\/uploads\/2026\/06\/sestra-580x400.jpg\" class=\"pt-cv-thumbnail\" alt=\"sestra v akci\" \/><\/a><\/div>\n<h5 class=\"pt-cv-title\"><a href=\"https:\/\/webnemji.azurewebsites.net\/en\/hledame-noveho-kolegu-vseobecnou-a-praktickou-sestru-na-urologicke-oddeleni\/\" class=\"_self\" target=\"_self\" >Hled\u00e1me nov\u00e9ho kolegu &#8211; v\u0161eobecnou a praktickou sestru na urologick\u00e9 odd\u011blen\u00ed<\/a><\/h5>\n<div class=\"pt-cv-content\">Nemocnice Jihlava hled\u00e1 v\u0161eobecnou a praktickou sestru na urologick\u00e9 odd\u011blen\u00ed ...<\/div>\n<div class=\"pt-cv-rmwrap\"><a href=\"https:\/\/webnemji.azurewebsites.net\/en\/hledame-noveho-kolegu-vseobecnou-a-praktickou-sestru-na-urologicke-oddeleni\/\" class=\"_self pt-cv-readmore btn btn-success\" target=\"_self\" >P\u0159e\u010d\u00edst\u00a0\u00a0\u271a<\/a><\/div><\/div><\/div><\/div> <\/div> <style>\n\n#pt-cv-view-fysa6n9v .pt-cv-content-item { border-style: none;border-radius: 0px 0px 0px 0px; }#pt-cv-view-fysa6n9v .pt-cv-meta-fields {  }#pt-cv-view-fysa6n9v .pt-cv-meta-fields * { font-size: 13px; }.pt-cv-heading-container[data-blockid=\"fysa6n9v\"] {  }.pt-cv-heading-container[data-blockid=\"fysa6n9v\"] * { color: #003c56;font-weight: 600;font-size: 16px; }#pt-cv-view-fysa6n9v .pt-cv-thumb-wrapper {  }#pt-cv-view-fysa6n9v[class*=\"cveffect\"] .pt-cv-thumb-wrapper, #pt-cv-view-fysa6n9v:not([class*=\"cveffect\"]) .pt-cv-thumbnail { border-radius: 20px 20px 20px 20px; }#pt-cv-view-fysa6n9v .pt-cv-thumbnail {  }#pt-cv-view-fysa6n9v .pt-cv-title a { display: block;color: #003c56; }#pt-cv-view-fysa6n9v .pt-cv-title:not(.pt-cv-titlesm) a { font-weight: 600;text-decoration: none;font-size: 15px; }#pt-cv-view-fysa6n9v .pt-cv-titlesm a { font-weight: 600;font-size: 18px; }#pt-cv-view-fysa6n9v .pt-cv-content { font-size: 14px; }#pt-cv-view-fysa6n9v .pt-cv-rmwrap {  }#pt-cv-view-fysa6n9v .pt-cv-readmore { color: #4f5a61;background-color: #edf0f2;font-size: 14px;border-radius: 10px 10px 10px 10px; }#pt-cv-view-fysa6n9v .pt-cv-taxoterm {  }#pt-cv-view-fysa6n9v .pt-cv-taxoterm * { color: #222;background-color: #fff6f6;font-size: 14px; }#pt-cv-view-fysa6n9v + .pt-cv-pagination-wrapper {  }#pt-cv-view-fysa6n9v + .pt-cv-pagination-wrapper a { font-size: 14px; }#pt-cv-view-fysa6n9v > .pt-cv-page {grid-template-columns: repeat(5, 1fr);grid-gap: 20px;}#pt-cv-view-fysa6n9v .pt-cv-title a:hover { color: #bf311f; }#pt-cv-view-fysa6n9v .pt-cv-title:not(.pt-cv-titlesm) a:hover {  }#pt-cv-view-fysa6n9v .pt-cv-rmwrap:hover {  }#pt-cv-view-fysa6n9v .pt-cv-readmore:hover { color: #ffffff;background-color: #bf311f; }\n@media all and (max-width: 1024px) { \n#pt-cv-view-fysa6n9v > .pt-cv-page {grid-template-columns: repeat(3, 1fr);grid-gap: 15px;}\n} \n@media all and (max-width: 767px) { \n#pt-cv-view-fysa6n9v > .pt-cv-page {grid-template-columns: repeat(1, 1fr);grid-gap: 10px;}\n} <\/style><\/aside><div class=\"cl\"><\/div>\n<\/div>\n<\/div><\/div>\n<\/div>\n<\/div>\n<\/div>\n<\/div>\n<\/div>\n\n","protected":false},"excerpt":{"rendered":"<p>Nemocnice Jihlava zdravotn\u011b-soci\u00e1ln\u00edho pracovn\u00edka\/ci.<\/p>","protected":false},"author":5,"featured_media":36654,"comment_status":"closed","ping_status":"closed","sticky":false,"template":"","format":"standard","meta":{"pgc_sgb_lightbox_settings":"","footnotes":"","_members_access_role":[],"_members_access_error":"","_links_to":"","_links_to_target":""},"categories":[49],"tags":[],"class_list":["post-36653","post","type-post","status-publish","format-standard","has-post-thumbnail","hentry","category-aktuality"],"publishpress_future_action":{"enabled":false,"date":"2026-09-09 20:28:56","action":"change-status","newStatus":"trash","terms":[],"taxonomy":"category","extraData":[]},"publishpress_future_workflow_manual_trigger":{"enabledWorkflows":[]},"_links":{"self":[{"href":"https:\/\/webnemji.azurewebsites.net\/en\/wp-json\/wp\/v2\/posts\/36653","targetHints":{"allow":["GET"]}}],"collection":[{"href":"https:\/\/webnemji.azurewebsites.net\/en\/wp-json\/wp\/v2\/posts"}],"about":[{"href":"https:\/\/webnemji.azurewebsites.net\/en\/wp-json\/wp\/v2\/types\/post"}],"author":[{"embeddable":true,"href":"https:\/\/webnemji.azurewebsites.net\/en\/wp-json\/wp\/v2\/users\/5"}],"replies":[{"embeddable":true,"href":"https:\/\/webnemji.azurewebsites.net\/en\/wp-json\/wp\/v2\/comments?post=36653"}],"version-history":[{"count":2,"href":"https:\/\/webnemji.azurewebsites.net\/en\/wp-json\/wp\/v2\/posts\/36653\/revisions"}],"predecessor-version":[{"id":36656,"href":"https:\/\/webnemji.azurewebsites.net\/en\/wp-json\/wp\/v2\/posts\/36653\/revisions\/36656"}],"wp:featuredmedia":[{"embeddable":true,"href":"https:\/\/webnemji.azurewebsites.net\/en\/wp-json\/wp\/v2\/media\/36654"}],"wp:attachment":[{"href":"https:\/\/webnemji.azurewebsites.net\/en\/wp-json\/wp\/v2\/media?parent=36653"}],"wp:term":[{"taxonomy":"category","embeddable":true,"href":"https:\/\/webnemji.azurewebsites.net\/en\/wp-json\/wp\/v2\/categories?post=36653"},{"taxonomy":"post_tag","embeddable":true,"href":"https:\/\/webnemji.azurewebsites.net\/en\/wp-json\/wp\/v2\/tags?post=36653"}],"curies":[{"name":"wp","href":"https:\/\/api.w.org\/{rel}","templated":true}]}}